{"id":1737,"date":"2019-04-08T13:41:02","date_gmt":"2019-04-08T11:41:02","guid":{"rendered":"https:\/\/kindinmi.phwien.ac.at\/?p=1737"},"modified":"2019-05-18T19:30:10","modified_gmt":"2019-05-18T17:30:10","slug":"transational-meeting-and-joint-staff-meeting-in-olomouc","status":"publish","type":"post","link":"https:\/\/kindinmi.phwien.ac.at\/?p=1737","title":{"rendered":"Transnational Meeting and Joint Staff Meeting in Olomouc"},"content":{"rendered":"<p>From 8th to 11th of April 2019 a\u00a0Transnational Meeting and Joint Staff Meeting took place in Olomouc at Palack\u00fd University. In Czech Republic Palack\u00fd University Olomouc is a university with long-standing tradition. Founded in the 16th century, it is the oldest university in Moravia and the second-oldest university in the Czech Republic.<\/p>\n<p><!--more--><\/p>\n<p><img loading=\"lazy\" decoding=\"async\" class=\"alignleft wp-image-1747 size-medium\" src=\"https:\/\/kindinmi.phwien.ac.at\/wp-content\/uploads\/2019\/04\/IMG_4309-300x200.jpg\" alt=\"\" width=\"300\" height=\"200\" srcset=\"https:\/\/kindinmi.phwien.ac.at\/wp-content\/uploads\/2019\/04\/IMG_4309-300x200.jpg 300w, https:\/\/kindinmi.phwien.ac.at\/wp-content\/uploads\/2019\/04\/IMG_4309-768x512.jpg 768w, https:\/\/kindinmi.phwien.ac.at\/wp-content\/uploads\/2019\/04\/IMG_4309.jpg 1000w\" sizes=\"auto, (max-width: 300px) 100vw, 300px\" \/><\/p>\n<p>Katedra prim\u00e1rn\u00ed a preprim\u00e1rn\u00ed pedagogiky PdF UP byla ve dnech 8.\u201311. 4. 2019 hostitelkou setk\u00e1n\u00ed \u0159e\u0161itel\u016f mezin\u00e1rodn\u00edho v\u00fdzkumn\u00e9ho projektu KINDINMI <em>&#8211; Mate\u0159sk\u00e1 \u0161kola jako faktor za\u010dle\u0148ov\u00e1n\u00ed d\u011bt\u00ed migrant\u016f a jejich rodin. Program Erasmus +, kl\u00ed\u010dov\u00e1 akce 2: Strategick\u00e1 partnerstv\u00ed 2017-1-SE01-KA203-034587.<\/em> Hlavn\u00edm \u0159e\u0161itelem projektu je Univerzita v\u00a0Uppsale (\u0160v\u00e9dsko); dal\u0161\u00edmi \u0159e\u0161iteli jsou Univerzita v\u00a0Aberdeenu (Skotsko), P\u00e4dagogische Hochschule ve V\u00eddni (Rakousko) a Univerzita Palack\u00e9ho v\u00a0Olomouci (\u010cR). \u00a0C\u00edlem projektu je zmapov\u00e1n\u00ed kontaktu mezi \u0161kolou nebo vzd\u011bl\u00e1vac\u00edmi organizacemi s rodinami; d\u00e1le mapov\u00e1n\u00ed kontakt\u016f \u2013 v r\u00e1mci p\u0159ed\u0161koln\u00edho vzd\u011bl\u00e1v\u00e1n\u00ed \u2013 mezi rodinami migrant\u016f a \u201etradi\u010dn\u011b\u201c vn\u00edman\u00fdmi rodinami; hodnocen\u00ed p\u0159ek\u00e1\u017eek a mo\u017enost\u00ed osv\u011bd\u010den\u00fdch postup\u016f; zmapov\u00e1n\u00ed vzd\u011bl\u00e1v\u00e1n\u00ed a dovednost\u00ed zam\u011bstnanc\u016f pe\u010duj\u00edc\u00edch o tyto d\u011bti z hlediska jazykov\u00e9ho v\u00fdvoje, soci\u00e1ln\u00edho za\u010dle\u0148ov\u00e1n\u00ed, komunikace; zkoum\u00e1n\u00ed strategi\u00ed, jejich\u017e c\u00edlem je povzbudit rodiny, aby sv\u00e9 d\u011bti zapsaly do p\u0159ed\u0161koln\u00edho vzd\u011bl\u00e1v\u00e1n\u00ed a rozv\u00edjely inovativn\u00ed strategie.<\/p>\n<p>&nbsp;<\/p>\n<p><img loading=\"lazy\" decoding=\"async\" class=\"alignleft size-medium wp-image-1749\" src=\"https:\/\/kindinmi.phwien.ac.at\/wp-content\/uploads\/2019\/04\/IMG_3787-300x225.jpg\" alt=\"\" width=\"300\" height=\"225\" srcset=\"https:\/\/kindinmi.phwien.ac.at\/wp-content\/uploads\/2019\/04\/IMG_3787-300x225.jpg 300w, https:\/\/kindinmi.phwien.ac.at\/wp-content\/uploads\/2019\/04\/IMG_3787-768x576.jpg 768w, https:\/\/kindinmi.phwien.ac.at\/wp-content\/uploads\/2019\/04\/IMG_3787-1024x768.jpg 1024w, https:\/\/kindinmi.phwien.ac.at\/wp-content\/uploads\/2019\/04\/IMG_3787.jpg 2016w\" sizes=\"auto, (max-width: 300px) 100vw, 300px\" \/><\/p>\n<p>Sou\u010d\u00e1st\u00ed projektu jsou tak\u00e9 pracovn\u00ed setk\u00e1n\u00ed (Transnational Meeting) a \u0161kolen\u00ed (Joint Staff Training) \u010dlen\u016f projektu. Prvn\u00ed setk\u00e1n\u00ed se uskute\u010dnilo na univerzit\u011b v\u00a0Uppsale (\u0160v\u00e9dsko) ve dnech 11.\u201314. 12. 2017; druh\u00e9 setk\u00e1n\u00ed pak na univerzit\u011b v\u00a0Aberdeenu (Skotsko) ve dnech 1.\u20134. 5. 2018 a t\u0159et\u00ed na univerzit\u011b ve V\u00eddni (Rakousko) 15.\u201318. 10. 2018. Dubnov\u00fd term\u00edn leto\u0161n\u00edho roku proto p\u0159ipadl na univerzitu v\u00a0Olomouci. Hlavn\u00ed koordin\u00e1torkou projektu za UP je dr. Vavrdov\u00e1 z\u00a0Katedry prim\u00e1rn\u00ed a preprim\u00e1rn\u00ed pedagogiky, kter\u00e1 celodenn\u00ed setk\u00e1n\u00ed organizovala a \u0159\u00eddila, spolu\u0159e\u0161itelkou je prof. \u0160melov\u00e1, kter\u00e1 se setk\u00e1n\u00ed tak\u00e9 \u00fa\u010dastnila.\u00a0V\u00a0r\u00e1mci pracovn\u00edho setk\u00e1n\u00ed, kter\u00e9ho se \u00fa\u010dastnili i zahrani\u010dn\u00ed studenti (studenti Erasmus+, studenti doktorandsk\u00e9ho studia PdF UP), p\u0159edstavili v\u0161ichni partne\u0159i prezentace k projektu. Po prezentac\u00edch n\u00e1sledovala velmi zaj\u00edmav\u00e1 diskuze, kde se otev\u0159ely ot\u00e1zky migrace, inkluze, probl\u00e9my vzd\u011bl\u00e1v\u00e1n\u00ed d\u011bt\u00ed migrant\u016f (cizinc\u016f) v\u00a0mate\u0159sk\u00e9m jazyce a v\u00a0jazyce nov\u00e9 zem\u011b, probl\u00e9my identity, ale i vzd\u011bl\u00e1v\u00e1n\u00ed a p\u0159ipravenost u\u010ditel\u016f mate\u0159sk\u00fdch \u0161kol na nov\u00e9 situace, kter\u00e9 souvisej\u00ed s\u00a0migrac\u00ed. \u00a0Mezi pozvan\u00fdmi hosty byly pan\u00ed \u0159editelka Mgr. Ing. Lenka P\u00e1nkov\u00e1 a lektorka Bc. Kate\u0159ina K\u0159\u00ed\u017eov\u00e1 z\u00a0neziskov\u00e9 organizace ARPOK, kter\u00e1 velmi \u00fazce spolupracuje s\u00a0Katedrou prim\u00e1rn\u00ed a preprim\u00e1rn\u00ed pedagogiky v\u00a0r\u00e1mci multikulturn\u00ed v\u00fdchovy. V\u00a0prezentaci nejprve p\u0159edstavily organizaci ARPOK, kter\u00e1 vznikla s\u00a0podporou Univerzity Palack\u00e9ho v\u00a0Olomouci v\u00a0roce 2004; d\u00e1le pak projekty glob\u00e1ln\u00edho rozvojov\u00e9ho vzd\u011bl\u00e1v\u00e1n\u00ed a v\u00fdukov\u00e9 programy pro v\u0161echny stupn\u011b \u0161kol, v\u010detn\u011b \u0161kol mate\u0159sk\u00fdch. Velmi v\u00fdznamnou aktivitou z\u00a0hlediska vzd\u011bl\u00e1v\u00e1n\u00ed pedagog\u016f je nab\u00eddka podpory formou semin\u00e1\u0159\u016f, konzultac\u00ed a metodick\u00fdch materi\u00e1l\u016f. Lektorky ARPOKu vstupuj\u00ed se sv\u00fdmi programy tak\u00e9 do v\u00fduky student\u016f obor\u016f U\u010ditelstv\u00ed pro 1. stupe\u0148 Z\u0160 a U\u010ditelstv\u00ed pro M\u0160, kde sv\u00fdmi aktivitami dopl\u0148uj\u00ed v\u00fduku Multikulturn\u00ed v\u00fdchovy na fakult\u011b.<\/p>\n<figure id=\"attachment_1757\" aria-describedby=\"caption-attachment-1757\" style=\"width: 300px\" class=\"wp-caption alignleft\"><img loading=\"lazy\" decoding=\"async\" class=\"wp-image-1757 size-medium\" src=\"https:\/\/kindinmi.phwien.ac.at\/wp-content\/uploads\/2019\/04\/IMG_3837-300x225.jpg\" alt=\"\" width=\"300\" height=\"225\" srcset=\"https:\/\/kindinmi.phwien.ac.at\/wp-content\/uploads\/2019\/04\/IMG_3837-300x225.jpg 300w, https:\/\/kindinmi.phwien.ac.at\/wp-content\/uploads\/2019\/04\/IMG_3837-768x576.jpg 768w, https:\/\/kindinmi.phwien.ac.at\/wp-content\/uploads\/2019\/04\/IMG_3837-1024x768.jpg 1024w, https:\/\/kindinmi.phwien.ac.at\/wp-content\/uploads\/2019\/04\/IMG_3837.jpg 2016w\" sizes=\"auto, (max-width: 300px) 100vw, 300px\" \/><figcaption id=\"caption-attachment-1757\" class=\"wp-caption-text\">Glynn Kirkham<\/figcaption><\/figure>\n<p>V\u00a0r\u00e1mci projektu byl pozv\u00e1n i nez\u00e1visl\u00fd poradce ministra pro n\u00e1rodn\u00ed vzd\u011bl\u00e1vac\u00ed strategii a odborn\u00fd poradce v oblasti kompetenc\u00ed u\u010ditel\u016f a \u0159editel\u016f \u0161kol Glynn Kirkham, kter\u00fd se dlouhodob\u011b v\u011bnuje i ot\u00e1zk\u00e1m inkluze a multikulturalismu. Krom\u011b p\u0159edn\u00e1\u0161ky k\u00a0inkluzivn\u00edmu vzd\u011bl\u00e1v\u00e1n\u00ed se tak\u00e9 diskutovalo o ot\u00e1zk\u00e1ch vzd\u011bl\u00e1v\u00e1n\u00ed v\u00a0\u010cR a kompetenc\u00edch u\u010ditel\u016f a \u0159editel\u016f \u0161kol vzhledem k\u00a0inkluzi, hlavn\u011b v\u0161ak o v\u00fduce jazyk\u016f cizinc\u016f v\u00a0mate\u0159sk\u00e9m jazyce a podpo\u0159e odpov\u011bdn\u00fdch instituc\u00ed v\u00a0t\u00e9to oblasti. Velk\u00fdm p\u0159\u00ednosem byl i kr\u00e1tk\u00fd workshop, kter\u00fd prob\u011bhl v\u00a0pozdn\u00edch odpoledn\u00edch hodin\u00e1ch a kter\u00e9ho se \u00fa\u010dastnili i 4 \u010d\u00edn\u0161t\u00ed studenti.\u00a0V\u00fdzkumn\u00e1 \u010d\u00e1st projektu KINDINMI je pak zam\u011b\u0159ena na v\u0161echny pracovn\u00edky mate\u0159sk\u00fdch \u0161kol, kte\u0159\u00ed s\u00a0d\u011btmi cizinc\u016f komunikuj\u00ed (u\u010ditel\u00e9, \u0161kolnice, asistenti), ale i na rodi\u010de t\u011bchto d\u011bt\u00ed. V\u00fdzkumnou metodou je dotazn\u00edk, kter\u00fd zpracovala skupina z\u00a0univerzity v\u00a0Aberdeenu (dotazn\u00edk byl pak p\u0159elo\u017een do jazyk\u016f \u010dlen\u016f projektu) a rozhovor, kter\u00fd realizuj\u00ed \u010dlenov\u00e9 t\u00fdmu v mate\u0159sk\u00fdch \u0161kol\u00e1ch sv\u00fdch zem\u00ed. V\u00fdstupem projektu, krom\u011b z\u00e1v\u011bre\u010dn\u00e9ho setk\u00e1n\u00ed, prezentac\u00ed a v\u00fdstav, bude mezin\u00e1rodn\u00ed publikace, kterou vyd\u00e1 Univerzita v\u00a0Uppsale. Proto se i z\u00e1v\u011bre\u010dn\u00e9 setk\u00e1n\u00ed uskute\u010dn\u00ed na t\u00e9to univerzit\u011b, a to v\u00a0m\u011bs\u00edci \u0159\u00edjnu 2019.<\/p>\n","protected":false},"excerpt":{"rendered":"<p>From 8th to 11th of April 2019 a\u00a0Transnational Meeting and Joint Staff Meeting took place in Olomouc at Palack\u00fd University. In Czech Republic Palack\u00fd University Olomouc is a university with long-standing tradition. Founded in the 16th century, it is the oldest university in Moravia and the second-oldest university in the Czech Republic.<\/p>\n","protected":false},"author":3,"featured_media":1738,"comment_status":"closed","ping_status":"open","sticky":false,"template":"","format":"standard","meta":{"footnotes":""},"categories":[1],"tags":[],"class_list":["post-1737","post","type-post","status-publish","format-standard","has-post-thumbnail","hentry","category-general"],"_links":{"self":[{"href":"https:\/\/kindinmi.phwien.ac.at\/index.php?rest_route=\/wp\/v2\/posts\/1737","targetHints":{"allow":["GET"]}}],"collection":[{"href":"https:\/\/kindinmi.phwien.ac.at\/index.php?rest_route=\/wp\/v2\/posts"}],"about":[{"href":"https:\/\/kindinmi.phwien.ac.at\/index.php?rest_route=\/wp\/v2\/types\/post"}],"author":[{"embeddable":true,"href":"https:\/\/kindinmi.phwien.ac.at\/index.php?rest_route=\/wp\/v2\/users\/3"}],"replies":[{"embeddable":true,"href":"https:\/\/kindinmi.phwien.ac.at\/index.php?rest_route=%2Fwp%2Fv2%2Fcomments&post=1737"}],"version-history":[{"count":15,"href":"https:\/\/kindinmi.phwien.ac.at\/index.php?rest_route=\/wp\/v2\/posts\/1737\/revisions"}],"predecessor-version":[{"id":1773,"href":"https:\/\/kindinmi.phwien.ac.at\/index.php?rest_route=\/wp\/v2\/posts\/1737\/revisions\/1773"}],"wp:featuredmedia":[{"embeddable":true,"href":"https:\/\/kindinmi.phwien.ac.at\/index.php?rest_route=\/wp\/v2\/media\/1738"}],"wp:attachment":[{"href":"https:\/\/kindinmi.phwien.ac.at\/index.php?rest_route=%2Fwp%2Fv2%2Fmedia&parent=1737"}],"wp:term":[{"taxonomy":"category","embeddable":true,"href":"https:\/\/kindinmi.phwien.ac.at\/index.php?rest_route=%2Fwp%2Fv2%2Fcategories&post=1737"},{"taxonomy":"post_tag","embeddable":true,"href":"https:\/\/kindinmi.phwien.ac.at\/index.php?rest_route=%2Fwp%2Fv2%2Ftags&post=1737"}],"curies":[{"name":"wp","href":"https:\/\/api.w.org\/{rel}","templated":true}]}}