{"id":1680,"date":"2018-10-19T16:09:01","date_gmt":"2018-10-19T14:09:01","guid":{"rendered":"https:\/\/kindinmi.phwien.ac.at\/?p=1680"},"modified":"2018-12-18T19:46:59","modified_gmt":"2018-12-18T18:46:59","slug":"1680","status":"publish","type":"post","link":"https:\/\/kindinmi.phwien.ac.at\/?p=1680","title":{"rendered":"KINDINMI in Vienna"},"content":{"rendered":"<p>From 15th to 19th of October 2018 a third Transnational Meeting and the first Joint Staff Training of \u201eKINDINMI \u2013 The kindergarten as a factor of inclusion for migrant children and their families\u201c took place at PH Wien.<!--more--><\/p>\n<p>Die G\u00e4ste aus Schweden, Schottland und Tschechien wurden von Institutsleiter Walter Swoboda begr\u00fc\u00dft, denn vom Institut f\u00fcr \u00fcbergreifende Bildungsschwerpunkte (IBS) \u00fcbernahmen Rainer Hawlik und Martina Sturm von der Kompetenzstelle f\u00fcr Mehrsprachigkeit, Migration und Menschenrechtsbildung (Ko.M.M.M.) die Planung f\u00fcr die gesamte Woche.<\/p>\n<p>Ziel des von September 2017 bis November 2019 laufenden ERASMUS+ Projekts ist ein Erfahrungsaustausch \u00fcber lokale, regionale, nationale und transeurop\u00e4ische Strategien sowie gute Praxisbeispiele bez\u00fcglich der Inklusion junger Migrantinnen und Migranten im Alter bis zu sieben Jahren im Rahmen der Kindergarten- bzw. Vorschulp\u00e4dagogik.<\/p>\n<p>Ziel ist es anhand des internationalen Vergleichs bessere M\u00f6glichkeiten der sozialen Orientierung und Inklusion f\u00fcr die betroffenen Kinder und ihre Familien aufzuzeigen, auch durch die Entwicklung und Implementierung neuer Ma\u00dfnahmen auf lokaler, nationaler und europaweiter Ebene. Des Weiteren sollen die Forschungsergebnisse \u00fcber eine digitale Plattform disseminiert und Trainingsmodule f\u00fcr die Aus-, Fort- und Weiterbildung der P\u00e4dagoginnen und P\u00e4dagogen entwickelt werden.<\/p>\n<figure id=\"attachment_1681\" aria-describedby=\"caption-attachment-1681\" style=\"width: 300px\" class=\"wp-caption alignleft\"><img loading=\"lazy\" decoding=\"async\" class=\"wp-image-1681 size-medium\" src=\"https:\/\/kindinmi.phwien.ac.at\/wp-content\/uploads\/2018\/10\/foto_kindinmi3-300x239.jpg\" alt=\"\" width=\"300\" height=\"239\" \/><figcaption id=\"caption-attachment-1681\" class=\"wp-caption-text\">Visiting a kindergarten in Vienna, getting to know BIG<\/figcaption><\/figure>\n<p><span lang=\"EN-GB\">Das Forschungsteam besuchte auf Einladung der Kinderfreunde Wien einen Kindergarten in Wien-Brigittenau und erfuhr von Karin Steiner mehr \u00fcber die INTERREG Projekte BIG. Vor Ort konnten sich die Partner \u00fcber ihre Erfahrungsans\u00e4tze austauschen.<\/span><\/p>\n<p>Als Gast des Joint Staff Trainings konnten wir Sprachwissenschafterin Una Cunningham (Universit\u00e4t Uppsala) gewinnen. Drei Tage lang wurde das internationale Projektteam begleitet von der offiziellen Evaluatorin des Projekts KINDINMI: Eleni Karagiannidou von der Universit\u00e4t Glasgow.<\/p>\n<p>Im April 2019 findet ein viert\u00e4giges internationales Projekttreffen an der Universit\u00e4t Olm\u00fctz statt. In der Zwischenzeit arbeiten die jeweiligen Forschungsteams an den individuellen Outputs weiter.<\/p>\n","protected":false},"excerpt":{"rendered":"<p>From 15th to 19th of October 2018 a third Transnational Meeting and the first Joint Staff Training of \u201eKINDINMI \u2013 The kindergarten as a factor of inclusion for migrant children and their families\u201c took place at PH Wien.<\/p>\n","protected":false},"author":3,"featured_media":1687,"comment_status":"closed","ping_status":"open","sticky":false,"template":"","format":"standard","meta":{"footnotes":""},"categories":[1],"tags":[],"class_list":["post-1680","post","type-post","status-publish","format-standard","has-post-thumbnail","hentry","category-general"],"_links":{"self":[{"href":"https:\/\/kindinmi.phwien.ac.at\/index.php?rest_route=\/wp\/v2\/posts\/1680","targetHints":{"allow":["GET"]}}],"collection":[{"href":"https:\/\/kindinmi.phwien.ac.at\/index.php?rest_route=\/wp\/v2\/posts"}],"about":[{"href":"https:\/\/kindinmi.phwien.ac.at\/index.php?rest_route=\/wp\/v2\/types\/post"}],"author":[{"embeddable":true,"href":"https:\/\/kindinmi.phwien.ac.at\/index.php?rest_route=\/wp\/v2\/users\/3"}],"replies":[{"embeddable":true,"href":"https:\/\/kindinmi.phwien.ac.at\/index.php?rest_route=%2Fwp%2Fv2%2Fcomments&post=1680"}],"version-history":[{"count":8,"href":"https:\/\/kindinmi.phwien.ac.at\/index.php?rest_route=\/wp\/v2\/posts\/1680\/revisions"}],"predecessor-version":[{"id":1692,"href":"https:\/\/kindinmi.phwien.ac.at\/index.php?rest_route=\/wp\/v2\/posts\/1680\/revisions\/1692"}],"wp:featuredmedia":[{"embeddable":true,"href":"https:\/\/kindinmi.phwien.ac.at\/index.php?rest_route=\/wp\/v2\/media\/1687"}],"wp:attachment":[{"href":"https:\/\/kindinmi.phwien.ac.at\/index.php?rest_route=%2Fwp%2Fv2%2Fmedia&parent=1680"}],"wp:term":[{"taxonomy":"category","embeddable":true,"href":"https:\/\/kindinmi.phwien.ac.at\/index.php?rest_route=%2Fwp%2Fv2%2Fcategories&post=1680"},{"taxonomy":"post_tag","embeddable":true,"href":"https:\/\/kindinmi.phwien.ac.at\/index.php?rest_route=%2Fwp%2Fv2%2Ftags&post=1680"}],"curies":[{"name":"wp","href":"https:\/\/api.w.org\/{rel}","templated":true}]}}