{"id":1675,"date":"2018-10-05T16:37:20","date_gmt":"2018-10-05T14:37:20","guid":{"rendered":"https:\/\/kindinmi.phwien.ac.at\/?p=1675"},"modified":"2018-10-19T16:23:03","modified_gmt":"2018-10-19T14:23:03","slug":"kindinmi-workshop-in-czech-republic-at-olomouc-university","status":"publish","type":"post","link":"https:\/\/kindinmi.phwien.ac.at\/?p=1675","title":{"rendered":"KINDINMI Workshop in Czech Republic at Olomouc University"},"content":{"rendered":"<p>V\u00a0pr\u016fb\u011bhu m\u011bs\u00edce z\u00e1\u0159\u00ed 2018 se v\u00a0r\u00e1mci v\u00fduky p\u0159edm\u011bt\u016f Pozn\u00e1v\u00e1n\u00ed p\u0159\u00edrody a spole\u010dnosti pro obor U\u010ditelstv\u00ed pro mate\u0159sk\u00e9 \u0161koly uskute\u010dnily semin\u00e1\u0159e k\u00a0mezin\u00e1rodn\u00edmu projektu <em>ERASMUS+ KINDINMI &#8211;\u00a0<\/em><em>The Kindergarten as a Factor of Inclusion for Migrant Children and their Families. <\/em><\/p>\n<p><!--more--><\/p>\n<p><img loading=\"lazy\" decoding=\"async\" class=\"size-medium wp-image-1676 alignleft\" src=\"https:\/\/kindinmi.phwien.ac.at\/wp-content\/uploads\/2018\/10\/IMG_20180924_120920-300x169.jpg\" alt=\"\" width=\"300\" height=\"169\" srcset=\"https:\/\/kindinmi.phwien.ac.at\/wp-content\/uploads\/2018\/10\/IMG_20180924_120920-300x169.jpg 300w, https:\/\/kindinmi.phwien.ac.at\/wp-content\/uploads\/2018\/10\/IMG_20180924_120920-768x432.jpg 768w, https:\/\/kindinmi.phwien.ac.at\/wp-content\/uploads\/2018\/10\/IMG_20180924_120920.jpg 1000w\" sizes=\"auto, (max-width: 300px) 100vw, 300px\" \/>C\u00edlem bylo jednak sezn\u00e1mit s projektem a jeho c\u00edli; d\u00e1le uk\u00e1zat, \u017ee inkluzi ch\u00e1peme v\u00edce ne\u017e jen integraci a \u017ee \u0161kolu vn\u00edm\u00e1me jako prost\u0159edn\u00edka integrace, kde je t\u0159eba podporovat jazykov\u00e9 vzd\u011bl\u00e1v\u00e1n\u00ed a pochopen\u00ed jin\u00fdch zvyklost\u00ed a kultury. Studenti se take sezn\u00e1mili s pr\u016fb\u011bhem v\u00fdzkumu, jeho\u017e sou\u010d\u00e1st\u00ed je dotazn\u00edk pro v\u0161echny pracovn\u00edky mate\u0159sk\u00e9 \u0161koly, proto\u017ee ti v\u0161ichni se o d\u011bti cizinc\u016f v mate\u0159sk\u00e9 \u0161kole staraj\u00ed a komunikuj\u00ed s nimi. <img loading=\"lazy\" decoding=\"async\" class=\"size-medium wp-image-1677 alignright\" src=\"https:\/\/kindinmi.phwien.ac.at\/wp-content\/uploads\/2018\/10\/IMG_20180924_121011-300x169.jpg\" alt=\"\" width=\"300\" height=\"169\" srcset=\"https:\/\/kindinmi.phwien.ac.at\/wp-content\/uploads\/2018\/10\/IMG_20180924_121011-300x169.jpg 300w, https:\/\/kindinmi.phwien.ac.at\/wp-content\/uploads\/2018\/10\/IMG_20180924_121011-768x432.jpg 768w, https:\/\/kindinmi.phwien.ac.at\/wp-content\/uploads\/2018\/10\/IMG_20180924_121011.jpg 1000w\" sizes=\"auto, (max-width: 300px) 100vw, 300px\" \/>Jako dal\u0161\u00ed metodu jsme pak zvolili rozhovor, kter\u00fd byl uskute\u010dn\u011bn s vedouc\u00ed pan\u00ed u\u010ditelkou v mate\u0159sk\u00e9 \u0161kole. Pan\u00ed u\u010ditelka se vyjad\u0159ovala k situaci inkluze, k adaptaci d\u00edt\u011bte a rodi\u010d\u016f &#8211; cizinc\u016f u n\u00e1s, ale take k probl\u00e9m\u016fm, kter\u00e9 jsou s inkluz\u00ed spojeny. P\u0159episy rozhovor\u016f uv\u00e1d\u00edme na str\u00e1nk\u00e1ch na\u0161eho projektu.<\/p>\n","protected":false},"excerpt":{"rendered":"<p>V\u00a0pr\u016fb\u011bhu m\u011bs\u00edce z\u00e1\u0159\u00ed 2018 se v\u00a0r\u00e1mci v\u00fduky p\u0159edm\u011bt\u016f Pozn\u00e1v\u00e1n\u00ed p\u0159\u00edrody a spole\u010dnosti pro obor U\u010ditelstv\u00ed pro mate\u0159sk\u00e9 \u0161koly uskute\u010dnily semin\u00e1\u0159e k\u00a0mezin\u00e1rodn\u00edmu projektu ERASMUS+ KINDINMI &#8211;\u00a0The Kindergarten as a Factor of Inclusion for Migrant Children and their Families.<\/p>\n","protected":false},"author":3,"featured_media":1676,"comment_status":"closed","ping_status":"open","sticky":false,"template":"","format":"standard","meta":{"footnotes":""},"categories":[1],"tags":[],"class_list":["post-1675","post","type-post","status-publish","format-standard","has-post-thumbnail","hentry","category-general"],"_links":{"self":[{"href":"https:\/\/kindinmi.phwien.ac.at\/index.php?rest_route=\/wp\/v2\/posts\/1675","targetHints":{"allow":["GET"]}}],"collection":[{"href":"https:\/\/kindinmi.phwien.ac.at\/index.php?rest_route=\/wp\/v2\/posts"}],"about":[{"href":"https:\/\/kindinmi.phwien.ac.at\/index.php?rest_route=\/wp\/v2\/types\/post"}],"author":[{"embeddable":true,"href":"https:\/\/kindinmi.phwien.ac.at\/index.php?rest_route=\/wp\/v2\/users\/3"}],"replies":[{"embeddable":true,"href":"https:\/\/kindinmi.phwien.ac.at\/index.php?rest_route=%2Fwp%2Fv2%2Fcomments&post=1675"}],"version-history":[{"count":2,"href":"https:\/\/kindinmi.phwien.ac.at\/index.php?rest_route=\/wp\/v2\/posts\/1675\/revisions"}],"predecessor-version":[{"id":1679,"href":"https:\/\/kindinmi.phwien.ac.at\/index.php?rest_route=\/wp\/v2\/posts\/1675\/revisions\/1679"}],"wp:featuredmedia":[{"embeddable":true,"href":"https:\/\/kindinmi.phwien.ac.at\/index.php?rest_route=\/wp\/v2\/media\/1676"}],"wp:attachment":[{"href":"https:\/\/kindinmi.phwien.ac.at\/index.php?rest_route=%2Fwp%2Fv2%2Fmedia&parent=1675"}],"wp:term":[{"taxonomy":"category","embeddable":true,"href":"https:\/\/kindinmi.phwien.ac.at\/index.php?rest_route=%2Fwp%2Fv2%2Fcategories&post=1675"},{"taxonomy":"post_tag","embeddable":true,"href":"https:\/\/kindinmi.phwien.ac.at\/index.php?rest_route=%2Fwp%2Fv2%2Ftags&post=1675"}],"curies":[{"name":"wp","href":"https:\/\/api.w.org\/{rel}","templated":true}]}}